{"id":11333,"date":"2025-10-10T10:32:02","date_gmt":"2025-10-10T08:32:02","guid":{"rendered":"https:\/\/galicia.wordcamp.org\/2025\/?p=11333"},"modified":"2025-10-10T10:32:02","modified_gmt":"2025-10-10T08:32:02","slug":"grazas","status":"publish","type":"post","link":"https:\/\/galicia.wordcamp.org\/2025\/grazas\/","title":{"rendered":"Grazas"},"content":{"rendered":"\n<div class=\"wp-block-buttons is-content-justification-left is-layout-flex wp-container-core-buttons-is-layout-c436662c wp-block-buttons-is-layout-flex\">\n<div class=\"wp-block-button is-style-fill sombra-verde\"><a class=\"wp-block-button__link has-base-color has-accent-4-background-color has-text-color has-background has-link-color has-border-color wp-element-button\" href=\"#espa\u00f1ol\" style=\"border-color:#35ff69;border-radius:0px;padding-top:8px;padding-right:24px;padding-bottom:8px;padding-left:24px\">Leer en Espa\u00f1ol<\/a><\/div>\n<\/div>\n\n\n\n<p class=\"wp-block-paragraph\">Moitas\u00a0<strong>GRAZAS!<\/strong>\u00a0a todos os asistentes, relatores e voluntarios por facer de WordCamp Galicia 2025 algo inesquecible.<\/p>\n\n\n\n<p class=\"wp-block-paragraph\">A edici\u00f3n 2025 de WordCamp Galicia foi un \u00e9xito absoluto e todo \u00e9 grazas a v\u00f3s. Grazas por vir, por sumar, por crear comunidade e, sobre todo, por demostrar que no mundo dixital ningu\u00e9n cami\u00f1a s\u00f3.<\/p>\n\n\n\n<p class=\"wp-block-paragraph\">Esta fin de semana superamos todas as expectativas: m\u00e1is asistentes ca nunca, m\u00e1is ilusi\u00f3n e m\u00e1is familia WordPress. Cada entrada, cada quil\u00f3metro, cada charla e cada sorriso contaron. Foi incrible vervos compartir tempo, ideas e ganas de seguir aprendendo.<\/p>\n\n\n\n<figure class=\"wp-block-image size-large\"><img loading=\"lazy\" decoding=\"async\" width=\"1024\" height=\"683\" src=\"https:\/\/galicia.wordcamp.org\/2025\/files\/2025\/10\/GRAZAS-02-1024x683.jpg\" alt=\"WordCamp Galicia 2025 foto de familia\" class=\"wp-image-11337\" srcset=\"https:\/\/galicia.wordcamp.org\/2025\/files\/2025\/10\/GRAZAS-02-1024x683.jpg 1024w, https:\/\/galicia.wordcamp.org\/2025\/files\/2025\/10\/GRAZAS-02-300x200.jpg 300w, https:\/\/galicia.wordcamp.org\/2025\/files\/2025\/10\/GRAZAS-02-768x512.jpg 768w, https:\/\/galicia.wordcamp.org\/2025\/files\/2025\/10\/GRAZAS-02-450x300.jpg 450w, https:\/\/galicia.wordcamp.org\/2025\/files\/2025\/10\/GRAZAS-02.jpg 1440w\" sizes=\"auto, (max-width: 1024px) 100vw, 1024px\" \/><figcaption class=\"wp-element-caption\">Foto de familia WordCamp Galicia 2025.<\/figcaption><\/figure>\n\n\n\n<h2 class=\"wp-block-heading\" id=\"grazas%2C-asistentes\">Grazas, asistentes<\/h2>\n\n\n\n<p class=\"wp-block-paragraph\">Nada disto ter\u00eda sentido sen v\u00f3s. Sodes a alma de WordCamp Galicia.<\/p>\n\n\n\n<p class=\"wp-block-paragraph\">Grazas por reservar datas, polas ganas de aprender, por vir cunha mente aberta e por deixar tanta enerx\u00eda positiva en cada charla e en cada corredor.<\/p>\n\n\n\n<p class=\"wp-block-paragraph\">As vosas achegas, preguntas e sorrisos insp\u00edrannos a facelo cada vez mellor.<\/p>\n\n\n\n<p class=\"wp-block-paragraph\">Grazas por lembrarnos que o mundo dixital tam\u00e9n pode ser humano, pr\u00f3ximo e divertido.<\/p>\n\n\n\n<h2 class=\"wp-block-heading\" id=\"grazas%2C-po%C3%B1entes\">Grazas, relatores<\/h2>\n\n\n\n<p class=\"wp-block-paragraph\">O voso talento e inspiraci\u00f3n son o coraz\u00f3n da WordCamp. Grazas por subir ao escenario e compartir co\u00f1ecemento con esa paix\u00f3n que contaxia:<\/p>\n\n\n\n<p class=\"wp-block-paragraph\">\u00c1frica Rodr\u00edguez, \u00c1nxo S\u00e1nchez, Celi Garoe, David P\u00e9rez, David Sala, Fernando Tellado, Iago Rivas, Iv\u00e1n L\u00f3pez, Jos\u00e9 Ram\u00f3n Bernabeu, Juanma Garrido, Lidia Marb\u00e1n, L\u00faa Louro, Maite Gonz\u00e1lez Ru\u00edz de Velasco, Montserrat Cano, Nilo V\u00e9lez, Nora Ferreir\u00f3s, Pablo Arias, Pablo Moratinos, Pilar Mera, Ricardo Vilar Delgado, Roc\u00edo Valdivia, Rosario Aznar, Sergio Castelo e Yannick Garc\u00eda.<\/p>\n\n\n\n<h2 class=\"wp-block-heading\" id=\"grazas-aos-patrocinadores\">Grazas aos patrocinadores<\/h2>\n\n\n\n<p class=\"wp-block-paragraph\">Detr\u00e1s de cada gran evento hai grandes apoios. Grazas de coraz\u00f3n a:<\/p>\n\n\n\n<p class=\"wp-block-paragraph\">Bluehost,&nbsp;<a href=\"http:\/\/hosting.com\/\" target=\"_blank\" rel=\"noreferrer noopener\">hosting.com<\/a>, Hostinger, Kinsta, LucusHost, Raiola Networks, Woo,&nbsp;<a href=\"http:\/\/wordpress.com\/\" target=\"_blank\" rel=\"noreferrer noopener\">WordPress.com<\/a>, Dinahosting, Weglot, Hacce, Elementor, PonteBlogs, Desaf\u00edo Digital, Estrella Galicia, Stickermule, Son de Lugo e Rural Hackers.<\/p>\n\n\n\n<p class=\"wp-block-paragraph\">Sen v\u00f3s non ter\u00eda sido posible!<\/p>\n\n\n\n<p class=\"wp-block-paragraph\">E por suposto, \u00e1 Universidade de Vigo e \u00e1 Facultade de Comunicaci\u00f3n de Pontevedra <\/p>\n\n\n\n<p class=\"wp-block-paragraph\">Mil grazas por cedernos os vosos espazos e axudar a facer maxia!<\/p>\n\n\n\n<figure class=\"wp-block-image size-large\"><img loading=\"lazy\" decoding=\"async\" width=\"1024\" height=\"683\" src=\"https:\/\/galicia.wordcamp.org\/2025\/files\/2025\/10\/GRAZAS-03-1024x683.jpg\" alt=\"Voluntarios WordCamp Galicia 2025\" class=\"wp-image-11338\" srcset=\"https:\/\/galicia.wordcamp.org\/2025\/files\/2025\/10\/GRAZAS-03-1024x683.jpg 1024w, https:\/\/galicia.wordcamp.org\/2025\/files\/2025\/10\/GRAZAS-03-300x200.jpg 300w, https:\/\/galicia.wordcamp.org\/2025\/files\/2025\/10\/GRAZAS-03-768x512.jpg 768w, https:\/\/galicia.wordcamp.org\/2025\/files\/2025\/10\/GRAZAS-03-450x300.jpg 450w, https:\/\/galicia.wordcamp.org\/2025\/files\/2025\/10\/GRAZAS-03.jpg 1440w\" sizes=\"auto, (max-width: 1024px) 100vw, 1024px\" \/><figcaption class=\"wp-element-caption\">Celi y Ohia, voluntarias WordCamp Galicia 2025.<\/figcaption><\/figure>\n\n\n\n<h2 class=\"wp-block-heading\" id=\"unha-graza-xigante-ao-equipo-de-voluntariado\">Unha GRAZA XIGANTE ao equipo de voluntariado<\/h2>\n\n\n\n<p class=\"wp-block-paragraph\">Sen o voso tempo, agarimo e ganas, nada ser\u00eda igual:<\/p>\n\n\n\n<p class=\"wp-block-paragraph\">Ohia, Eva Llorca, Daniel Pereyra, David L\u00f3pez, Celi Garoe, Eur\u00eddice Castillo, Roberto V\u00e1zquez, Alice Castelejo, Luis Centeno, Jos\u00e9 Freitas, Jos\u00e9 Ram\u00f3n Bernabeu, Aitana Bernabeu, Breixo Mari\u00f1o, Nilo V\u00e9lez e Brais Pato.<\/p>\n\n\n\n<p class=\"wp-block-paragraph\">Fixestes grande a WordCamp Galicia 2025. Quedamos con cada momento, con cada detalle e, sobre todo, coa enerx\u00eda positiva de toda unha familia dixital!<\/p>\n\n\n\n<p class=\"wp-block-paragraph\">E si\u2026 xa estamos pensando na pr\u00f3xima edici\u00f3n!<\/p>\n\n\n\n<p class=\"wp-block-paragraph\">Sigue este blog, a newsletter e as nosas redes sociais para non perder nada.<\/p>\n\n\n\n<p class=\"wp-block-paragraph\">V\u00e9monos na seguinte.<\/p>\n\n\n\n<p class=\"wp-block-paragraph\">Grazas, de verdade, por compartir o cami\u00f1o!<\/p>\n\n\n\n<p class=\"wp-block-paragraph\"><strong>Equipo WordCamp Galicia<\/strong><\/p>\n\n\n\n<figure class=\"wp-block-image size-large\"><img loading=\"lazy\" decoding=\"async\" width=\"1024\" height=\"683\" src=\"https:\/\/galicia.wordcamp.org\/2025\/files\/2025\/10\/GRAZAS-04-1024x683.jpg\" alt=\"WordCamp Galicia 2025\" class=\"wp-image-11339\" srcset=\"https:\/\/galicia.wordcamp.org\/2025\/files\/2025\/10\/GRAZAS-04-1024x683.jpg 1024w, https:\/\/galicia.wordcamp.org\/2025\/files\/2025\/10\/GRAZAS-04-300x200.jpg 300w, https:\/\/galicia.wordcamp.org\/2025\/files\/2025\/10\/GRAZAS-04-768x512.jpg 768w, https:\/\/galicia.wordcamp.org\/2025\/files\/2025\/10\/GRAZAS-04-450x300.jpg 450w, https:\/\/galicia.wordcamp.org\/2025\/files\/2025\/10\/GRAZAS-04.jpg 1440w\" sizes=\"auto, (max-width: 1024px) 100vw, 1024px\" \/><figcaption class=\"wp-element-caption\">Charlas WordCamp Galicia 2025 <\/figcaption><\/figure>\n\n\n\n<div style=\"height:100px\" aria-hidden=\"true\" id=\"espa\u00f1ol\" class=\"wp-block-spacer\"><\/div>\n\n\n\n<p class=\"has-large-font-size wp-block-paragraph\"><strong>Versi\u00f3n en espa\u00f1ol<\/strong><\/p>\n\n\n\n<h1 class=\"wp-block-heading\">Gracias<\/h1>\n\n\n\n<p class=\"wp-block-paragraph\">Muchas <strong>\u00a1GRACIAS!<\/strong> a todos los asistentes, ponentes y voluntarios por hacer de WordCamp Galicia 2025 algo inolvidable.<\/p>\n\n\n\n<p class=\"wp-block-paragraph\">La edici\u00f3n 2025 de WordCamp Galicia ha sido un \u00e9xito absoluto y todo es por vosotros. Gracias por venir, por sumar, por crear comunidad y, sobre todo, por demostrar que en el mundo digital nadie va solo.<\/p>\n\n\n\n<p class=\"wp-block-paragraph\">Este fin de semana superamos todas las expectativas: m\u00e1s asistentes que nunca, m\u00e1s ilusi\u00f3n y m\u00e1s familia WordPress. Cada entrada, cada kil\u00f3metro, cada charla y cada risa han contado. Fue una pasada veros compartir tiempo, ideas y ganas de seguir aprendiendo.<\/p>\n\n\n\n<figure class=\"wp-block-image size-large\"><img loading=\"lazy\" decoding=\"async\" width=\"1024\" height=\"683\" src=\"https:\/\/galicia.wordcamp.org\/2025\/files\/2025\/10\/GRAZAS-02-1024x683.jpg\" alt=\"WordCamp Galicia 2025 foto de familia\" class=\"wp-image-11337\" srcset=\"https:\/\/galicia.wordcamp.org\/2025\/files\/2025\/10\/GRAZAS-02-1024x683.jpg 1024w, https:\/\/galicia.wordcamp.org\/2025\/files\/2025\/10\/GRAZAS-02-300x200.jpg 300w, https:\/\/galicia.wordcamp.org\/2025\/files\/2025\/10\/GRAZAS-02-768x512.jpg 768w, https:\/\/galicia.wordcamp.org\/2025\/files\/2025\/10\/GRAZAS-02-450x300.jpg 450w, https:\/\/galicia.wordcamp.org\/2025\/files\/2025\/10\/GRAZAS-02.jpg 1440w\" sizes=\"auto, (max-width: 1024px) 100vw, 1024px\" \/><figcaption class=\"wp-element-caption\">Foto de familia WordCamp Galicia 2025.<\/figcaption><\/figure>\n\n\n\n<h2 class=\"wp-block-heading\">Gracias, asistentes<\/h2>\n\n\n\n<p class=\"wp-block-paragraph\">Nada de esto tendr\u00eda sentido sin vosotros. Sois el alma de WordCamp Galicia.<\/p>\n\n\n\n<p class=\"wp-block-paragraph\">Gracias por reservar fechas, por las ganas de aprender, por venir con mente abierta y por dejar tanta energ\u00eda positiva en cada charla y en cada pasillo.<\/p>\n\n\n\n<p class=\"wp-block-paragraph\">Vuestros aportes, preguntas y sonrisas nos inspiran a hacerlo cada vez mejor.<\/p>\n\n\n\n<p class=\"wp-block-paragraph\">Gracias por recordarnos que el mundo digital tambi\u00e9n puede ser humano, cercano y divertido.<\/p>\n\n\n\n<h2 class=\"wp-block-heading\">Gracias, ponentes<\/h2>\n\n\n\n<p class=\"wp-block-paragraph\">Vuestro talento e inspiraci\u00f3n son el coraz\u00f3n de la WordCamp. Gracias por subiros al escenario y compartir conocimiento con esa pasi\u00f3n que contagia:<\/p>\n\n\n\n<p class=\"wp-block-paragraph\">\u00c1frica Rodr\u00edguez, \u00c1nxo S\u00e1nchez, Celi Garoe, David P\u00e9rez, David Sala, Fernando Tellado, Iago Rivas, Iv\u00e1n L\u00f3pez, Jos\u00e9 Ram\u00f3n Bernabeu, Juanma Garrido, Lidia Marb\u00e1n, L\u00faa Louro, Maite Gonz\u00e1lez Ru\u00edz de Velasco, Montserrat Cano, Nilo V\u00e9lez, Nora Ferreir\u00f3s, Pablo Arias, Pablo Moratinos, Pilar Mera, Ricardo Vilar Delgado, Roc\u00edo Valdivia, Rosario Aznar, Sergio Castelo y Yannick Garc\u00eda.<\/p>\n\n\n\n<h2 class=\"wp-block-heading\">Gracias a los patrocinadores<\/h2>\n\n\n\n<p class=\"wp-block-paragraph\">Detr\u00e1s de cada gran evento hay grandes apoyos. Gracias de coraz\u00f3n a:<\/p>\n\n\n\n<p class=\"wp-block-paragraph\">Bluehost, <a href=\"http:\/\/hosting.com\/\">hosting.com<\/a>, Hostinger, Kinsta, LucusHost, Raiola Networks, Woo, <a href=\"http:\/\/wordpress.com\/\">WordPress.com<\/a>, Dinahosting, Weglot, Hacce, Elementor, PonteBlogs, Desaf\u00edo Digital, Estrella Galicia, Stickermule, Son de Lugo y Rural Hackers.<\/p>\n\n\n\n<p class=\"wp-block-paragraph\">\u00a1Sin vosotros no habr\u00eda sido posible!<\/p>\n\n\n\n<p class=\"wp-block-paragraph\">Y por supuesto, a la Universidad de Vigo y a la Facultad de Comunicaci\u00f3n de Pontevedra <\/p>\n\n\n\n<p class=\"wp-block-paragraph\">\u00a1Mil gracias por cedernos vuestros espacios y ayudar a hacer magia!<\/p>\n\n\n\n<figure class=\"wp-block-image size-large\"><img loading=\"lazy\" decoding=\"async\" width=\"1024\" height=\"683\" src=\"https:\/\/galicia.wordcamp.org\/2025\/files\/2025\/10\/GRAZAS-03-1024x683.jpg\" alt=\"Voluntarios WordCamp Galicia 2025\" class=\"wp-image-11338\" srcset=\"https:\/\/galicia.wordcamp.org\/2025\/files\/2025\/10\/GRAZAS-03-1024x683.jpg 1024w, https:\/\/galicia.wordcamp.org\/2025\/files\/2025\/10\/GRAZAS-03-300x200.jpg 300w, https:\/\/galicia.wordcamp.org\/2025\/files\/2025\/10\/GRAZAS-03-768x512.jpg 768w, https:\/\/galicia.wordcamp.org\/2025\/files\/2025\/10\/GRAZAS-03-450x300.jpg 450w, https:\/\/galicia.wordcamp.org\/2025\/files\/2025\/10\/GRAZAS-03.jpg 1440w\" sizes=\"auto, (max-width: 1024px) 100vw, 1024px\" \/><figcaption class=\"wp-element-caption\">Celi y Ohia, voluntarias WordCamp Galicia 2025.<\/figcaption><\/figure>\n\n\n\n<h2 class=\"wp-block-heading\">Un GRACIAS GIGANTE al equipo de voluntarios<\/h2>\n\n\n\n<p class=\"wp-block-paragraph\">Sin vuestro tiempo, cari\u00f1o y ganas, nada ser\u00eda igual:<\/p>\n\n\n\n<p class=\"wp-block-paragraph\">Ohia, Eva Llorca, Daniel Pereyra, David L\u00f3pez, Celi Garoe, Eur\u00eddice Castillo, Roberto V\u00e1zquez, Alice Castelejo, Luis Centeno, Jos\u00e9 Freitas, Jos\u00e9 Ram\u00f3n Bernabeu, Aitana Bernabeu, Breixo Mari\u00f1o, Nilo V\u00e9lez y Brais Pato.<\/p>\n\n\n\n<p class=\"wp-block-paragraph\">Hab\u00e9is hecho grande WordCamp Galicia 2025. Nos quedamos con cada momento, con cada detalle y, sobre todo, \u00a1con la energ\u00eda positiva de toda una familia digital!<\/p>\n\n\n\n<p class=\"wp-block-paragraph\">Y s\u00ed\u2026 \u00a1ya estamos pensando en la pr\u00f3xima edici\u00f3n!<\/p>\n\n\n\n<p class=\"wp-block-paragraph\">Sigue este blog, la newsletter y nuestras redes sociales para no perderte nada.<\/p>\n\n\n\n<p class=\"wp-block-paragraph\">Nos vemos en la siguiente.<\/p>\n\n\n\n<p class=\"wp-block-paragraph\">\u00a1Gracias, de verdad, por compartir el camino!<\/p>\n\n\n\n<p class=\"wp-block-paragraph\"><strong>Equipo WordCamp Galicia<\/strong><\/p>\n\n\n\n<figure class=\"wp-block-image size-large\"><img loading=\"lazy\" decoding=\"async\" width=\"1024\" height=\"683\" src=\"https:\/\/galicia.wordcamp.org\/2025\/files\/2025\/10\/GRAZAS-04-1024x683.jpg\" alt=\"WordCamp Galicia 2025\" class=\"wp-image-11339\" srcset=\"https:\/\/galicia.wordcamp.org\/2025\/files\/2025\/10\/GRAZAS-04-1024x683.jpg 1024w, https:\/\/galicia.wordcamp.org\/2025\/files\/2025\/10\/GRAZAS-04-300x200.jpg 300w, https:\/\/galicia.wordcamp.org\/2025\/files\/2025\/10\/GRAZAS-04-768x512.jpg 768w, https:\/\/galicia.wordcamp.org\/2025\/files\/2025\/10\/GRAZAS-04-450x300.jpg 450w, https:\/\/galicia.wordcamp.org\/2025\/files\/2025\/10\/GRAZAS-04.jpg 1440w\" sizes=\"auto, (max-width: 1024px) 100vw, 1024px\" \/><figcaption class=\"wp-element-caption\">Charlas WordCamp Galicia 2025 <\/figcaption><\/figure>\n\n\n\n<p class=\"wp-block-paragraph\"><\/p>\n","protected":false},"excerpt":{"rendered":"<p>Moitas\u00a0GRAZAS!\u00a0a todos os asistentes, relatores e voluntarios por facer de WordCamp Galicia 2025 algo inesquecible. A edici\u00f3n 2025 de WordCamp Galicia foi un \u00e9xito absoluto e todo \u00e9 grazas a v\u00f3s. Grazas por vir, por sumar, por crear comunidade e, sobre todo, por demostrar que no mundo dixital ningu\u00e9n cami\u00f1a s\u00f3. Esta fin de semana [&hellip;]<\/p>\n","protected":false},"author":23219270,"featured_media":11336,"comment_status":"closed","ping_status":"closed","sticky":false,"template":"","format":"standard","meta":{"_crdt_document":"","jetpack_post_was_ever_published":false,"_jetpack_newsletter_access":"","_jetpack_dont_email_post_to_subs":false,"_jetpack_newsletter_tier_id":0,"_jetpack_memberships_contains_paywalled_content":false,"_jetpack_memberships_contains_paid_content":false,"footnotes":""},"categories":[33],"tags":[],"class_list":["post-11333","post","type-post","status-publish","format-standard","has-post-thumbnail","hentry","category-blog"],"jetpack_featured_media_url":"https:\/\/galicia.wordcamp.org\/2025\/files\/2025\/10\/GRAZAS-01.jpg","jetpack_sharing_enabled":true,"_links":{"self":[{"href":"https:\/\/galicia.wordcamp.org\/2025\/wp-json\/wp\/v2\/posts\/11333","targetHints":{"allow":["GET"]}}],"collection":[{"href":"https:\/\/galicia.wordcamp.org\/2025\/wp-json\/wp\/v2\/posts"}],"about":[{"href":"https:\/\/galicia.wordcamp.org\/2025\/wp-json\/wp\/v2\/types\/post"}],"author":[{"embeddable":true,"href":"https:\/\/galicia.wordcamp.org\/2025\/wp-json\/wp\/v2\/users\/23219270"}],"replies":[{"embeddable":true,"href":"https:\/\/galicia.wordcamp.org\/2025\/wp-json\/wp\/v2\/comments?post=11333"}],"version-history":[{"count":4,"href":"https:\/\/galicia.wordcamp.org\/2025\/wp-json\/wp\/v2\/posts\/11333\/revisions"}],"predecessor-version":[{"id":11342,"href":"https:\/\/galicia.wordcamp.org\/2025\/wp-json\/wp\/v2\/posts\/11333\/revisions\/11342"}],"wp:featuredmedia":[{"embeddable":true,"href":"https:\/\/galicia.wordcamp.org\/2025\/wp-json\/wp\/v2\/media\/11336"}],"wp:attachment":[{"href":"https:\/\/galicia.wordcamp.org\/2025\/wp-json\/wp\/v2\/media?parent=11333"}],"wp:term":[{"taxonomy":"category","embeddable":true,"href":"https:\/\/galicia.wordcamp.org\/2025\/wp-json\/wp\/v2\/categories?post=11333"},{"taxonomy":"post_tag","embeddable":true,"href":"https:\/\/galicia.wordcamp.org\/2025\/wp-json\/wp\/v2\/tags?post=11333"}],"curies":[{"name":"wp","href":"https:\/\/api.w.org\/{rel}","templated":true}]}}