{"id":11113,"date":"2025-09-29T22:20:07","date_gmt":"2025-09-29T20:20:07","guid":{"rendered":"https:\/\/galicia.wordcamp.org\/2025\/?p=11113"},"modified":"2025-09-29T22:30:38","modified_gmt":"2025-09-29T20:30:38","slug":"todo-o-que-tes-que-saber-antes-de-vir-a-wordcamp-galicia-2025","status":"publish","type":"post","link":"https:\/\/galicia.wordcamp.org\/2025\/todo-o-que-tes-que-saber-antes-de-vir-a-wordcamp-galicia-2025\/","title":{"rendered":"Todo o que tes que saber antes de vir \u00e1 WordCamp Galicia 2025"},"content":{"rendered":"\n<div class=\"wp-block-buttons is-content-justification-left is-layout-flex wp-container-core-buttons-is-layout-c436662c wp-block-buttons-is-layout-flex\">\n<div class=\"wp-block-button is-style-fill sombra-verde\"><a class=\"wp-block-button__link has-base-color has-accent-4-background-color has-text-color has-background has-link-color has-border-color wp-element-button\" href=\"#espa\u00f1ol\" style=\"border-color:#35ff69;border-radius:0px;padding-top:8px;padding-right:24px;padding-bottom:8px;padding-left:24px\">Leer en Espa\u00f1ol<\/a><\/div>\n<\/div>\n\n\n\n<p class=\"wp-block-paragraph\">Se est\u00e1s aqu\u00ed \u00e9 porque v\u00e9s \u00e1 WordCamp Galicia.<\/p>\n\n\n\n<p class=\"wp-block-paragraph\">Ou polo menos est\u00e1s a darlle voltas.<\/p>\n\n\n\n<p class=\"wp-block-paragraph\">As\u00ed que imos ao gran con todo o <strong>imprescindible para que non perdas nada<\/strong> (nin detalles, nin polbo, que \u00e9 importante).<\/p>\n\n\n\n<p class=\"wp-block-paragraph\">Promet\u00e9mosche un evento <strong>pr\u00f3ximo, aberto e co mellor ambiente<\/strong> para compartir e aprender sobre WordPress, formaci\u00f3n online, mundo dixital, dese\u00f1o, desenvolvemento, IA ou emprendemento.<\/p>\n\n\n\n<h2 class=\"wp-block-heading\"><strong>Imos al\u00f3!<\/strong><\/h2>\n\n\n\n<p class=\"wp-block-paragraph\">A WordCamp ser\u00e1 na <strong><a href=\"https:\/\/galicia.wordcamp.org\/2025\/localizacion\/\">Facultade de Comunicaci\u00f3n do Campus de Pontevedra<\/a><\/strong> (Universidade de Vigo). Se non te queres perder,&nbsp;<a href=\"https:\/\/galicia.wordcamp.org\/2025\/es\/como-llegar-wordcamp-galicia\/\" target=\"_blank\" rel=\"noreferrer noopener\">sigue estas indicaci\u00f3ns<\/a>.<\/p>\n\n\n\n<p class=\"wp-block-paragraph\">Temos <strong>15 voluntarios<\/strong> e voluntarias con alma e uniforme galego. Se tes d\u00fabidas, te perdes ou precisas calquera cousa, busca as batas de avoa galega (l\u00e9vana tanto os&nbsp;<a href=\"https:\/\/galicia.wordcamp.org\/2025\/voluntarios-final\/\" target=\"_blank\" rel=\"noreferrer noopener\">voluntarios<\/a>&nbsp;coma os&nbsp;<a href=\"https:\/\/galicia.wordcamp.org\/2025\/organizacion\/\" target=\"_blank\" rel=\"noreferrer noopener\">organizadores<\/a>) e axudarante no que faga falta.<\/p>\n\n\n\n<figure class=\"wp-block-image size-large\"><img loading=\"lazy\" decoding=\"async\" width=\"1024\" height=\"683\" src=\"https:\/\/galicia.wordcamp.org\/2025\/files\/2025\/09\/Info-importante-02-1024x683.jpg\" alt=\"Resumen informaci\u00f3n WordCamp Galicia\" class=\"wp-image-11121\" srcset=\"https:\/\/galicia.wordcamp.org\/2025\/files\/2025\/09\/Info-importante-02-1024x683.jpg 1024w, https:\/\/galicia.wordcamp.org\/2025\/files\/2025\/09\/Info-importante-02-300x200.jpg 300w, https:\/\/galicia.wordcamp.org\/2025\/files\/2025\/09\/Info-importante-02-768x512.jpg 768w, https:\/\/galicia.wordcamp.org\/2025\/files\/2025\/09\/Info-importante-02-450x300.jpg 450w, https:\/\/galicia.wordcamp.org\/2025\/files\/2025\/09\/Info-importante-02.jpg 1440w\" sizes=\"auto, (max-width: 1024px) 100vw, 1024px\" \/><figcaption class=\"wp-element-caption\">Vive unha experiencia \u00fanica na WordCamp Galicia<\/figcaption><\/figure>\n\n\n\n<h2 class=\"wp-block-heading\" id=\"todo-o-programa-paso-a-paso%3A\">Todo o programa paso a paso:<\/h2>\n\n\n\n<p class=\"wp-block-paragraph\"><strong>VENRES 3 DE OUTUBRO: obradoiro de iniciaci\u00f3n e do_action.\u00a0<a href=\"https:\/\/galicia.wordcamp.org\/2025\/participar-taller-do_action\/\" target=\"_blank\" rel=\"noreferrer noopener\">Info<\/a>.<\/strong><\/p>\n\n\n\n<p class=\"wp-block-paragraph\">Comeza a WordCamp cun <strong>obradoiro para iniciarte <\/strong>(se es novo\/a), impartido por Fernando Tellado. Unha gran oportunidade de aprender dun referente do sector.<\/p>\n\n\n\n<p class=\"wp-block-paragraph\">A continuaci\u00f3n, <strong>do_action hackathon<\/strong>. Axuda a axudar. Formaremos dous grupos e faremos a web para d\u00faas asociaci\u00f3ns ben\u00e9ficas: <strong>Amigas das \u00c1rbores <\/strong>e <strong>Ocionautas<\/strong>.<\/p>\n\n\n\n<p class=\"wp-block-paragraph\">As d\u00faas actividades son <strong>gratu\u00edtas<\/strong> e <strong>incl\u00faen<\/strong> <strong>caf\u00e9s<\/strong> e <strong>comida<\/strong>. Iso si, necesitas inscrici\u00f3n previa para asegurarte praza.<\/p>\n\n\n\n<p class=\"wp-block-paragraph\">Horario:<strong> 9:00 a 18:00<\/strong> <strong>horas<\/strong>.<\/p>\n\n\n\n<p class=\"wp-block-paragraph\"><strong>S\u00c1BADO 4 <strong>DE OUTUBRO<\/strong>: o d\u00eda grande.\u00a0<a href=\"https:\/\/galicia.wordcamp.org\/2025\/programa\/\" target=\"_blank\" rel=\"noreferrer noopener\">Programa<\/a>.<\/strong><\/p>\n\n\n\n<p class=\"wp-block-paragraph\">Dous tracks de relatorios sobre formaci\u00f3n online, WordPress, dese\u00f1o, desenvolvemento, IA, SEO\u2026<\/p>\n\n\n\n<p class=\"wp-block-paragraph\">Networking por todas partes. Co\u00f1ece xente, comparte proxectos, fai comunidade.<\/p>\n\n\n\n<p class=\"wp-block-paragraph\"><strong>Tes peques?<\/strong>&nbsp;Hai&nbsp;<a href=\"https:\/\/galicia.wordcamp.org\/2025\/ludoteca\/\" target=\"_blank\" rel=\"noreferrer noopener\">ludoteca<\/a>&nbsp;para eles, pero&nbsp;<strong>ap\u00fantaos cubrindo o formulario espec\u00edfico<\/strong>&nbsp;(non chega con po\u00f1elo ao mercar a t\u00faa entrada).<\/p>\n\n\n\n<p class=\"wp-block-paragraph\">E cando rematen as charlas? Tranquilo\/a, a WordCamp non remata o s\u00e1bado. Toca networking, polbo, Estrella Galicia e moito bo rollo para todos.<\/p>\n\n\n\n<p class=\"wp-block-paragraph\"><strong>Almorzo, comida e merenda-cena inclu\u00eddos<\/strong>.<\/p>\n\n\n\n<p class=\"wp-block-paragraph\">Horario: <strong>9:00 a 21:00 horas<\/strong>.<\/p>\n\n\n\n<p class=\"wp-block-paragraph\"><strong>After-party<\/strong>: desde as 22:00, a festa segue no&nbsp;<a href=\"https:\/\/maps.app.goo.gl\/y1gaCssu6qqF397H6\" target=\"_blank\" rel=\"noreferrer noopener\">Chester<\/a>.<\/p>\n\n\n\n<p class=\"wp-block-paragraph\"><strong>DOMINGO 5 <strong>DE OUTUBRO<\/strong>: charlas e comunidade.\u00a0<a href=\"https:\/\/galicia.wordcamp.org\/2025\/programa\/\" target=\"_blank\" rel=\"noreferrer noopener\">Programa<\/a>.<\/strong><\/p>\n\n\n\n<p class=\"wp-block-paragraph\">Comezamos o d\u00eda coas <strong>3 \u00faltimas charlas<\/strong>.<\/p>\n\n\n\n<p class=\"wp-block-paragraph\">Seguimos co&nbsp;<a href=\"https:\/\/galicia.wordcamp.org\/2025\/dia-comunidade\/\" target=\"_blank\" rel=\"noreferrer noopener\"><strong>D\u00eda da Comunidade<\/strong><\/a>: espazo para <strong>mesas de traballo<\/strong> e colaboraci\u00f3n para axudar ao proxecto open source de&nbsp;<a href=\"http:\/\/wordpress.org\/\" target=\"_blank\" rel=\"noreferrer noopener\">WordPress.org<\/a>. Trae o teu port\u00e1til ou tablet e todas as ganas de formar parte deste gran proxecto chamado <strong>WordPress<\/strong>.<\/p>\n\n\n\n<p class=\"wp-block-paragraph\">Se queres vivir o aut\u00e9ntico sentido da comunidade, este \u00e9 o teu d\u00eda. Non faltes!<\/p>\n\n\n\n<p class=\"wp-block-paragraph\"><strong>Almorzo e comida inclu\u00eddos.<\/strong><\/p>\n\n\n\n<p class=\"wp-block-paragraph\">Horario: <strong>10:00 a 15:30 horas.<\/strong><\/p>\n\n\n\n<p class=\"wp-block-paragraph\">Se tes calquera d\u00fabida,&nbsp;<a href=\"https:\/\/galicia.wordcamp.org\/2025\/contacto\/\" target=\"_blank\" rel=\"noreferrer noopener\">escr\u00edbenos<\/a>&nbsp;e responder\u00e9mosche o antes posible.<\/p>\n\n\n\n<p class=\"wp-block-paragraph\">V\u00e9monos moi pronto en Pontevedra.<\/p>\n\n\n\n<figure class=\"wp-block-image size-large\"><img loading=\"lazy\" decoding=\"async\" width=\"1024\" height=\"683\" src=\"https:\/\/galicia.wordcamp.org\/2025\/files\/2025\/09\/Info-importante-03-1024x683.jpg\" alt=\"Foto Resumen informaci\u00f3n WordCamp Galicia\" class=\"wp-image-11122\" srcset=\"https:\/\/galicia.wordcamp.org\/2025\/files\/2025\/09\/Info-importante-03-1024x683.jpg 1024w, https:\/\/galicia.wordcamp.org\/2025\/files\/2025\/09\/Info-importante-03-300x200.jpg 300w, https:\/\/galicia.wordcamp.org\/2025\/files\/2025\/09\/Info-importante-03-768x512.jpg 768w, https:\/\/galicia.wordcamp.org\/2025\/files\/2025\/09\/Info-importante-03-450x300.jpg 450w, https:\/\/galicia.wordcamp.org\/2025\/files\/2025\/09\/Info-importante-03.jpg 1440w\" sizes=\"auto, (max-width: 1024px) 100vw, 1024px\" \/><figcaption class=\"wp-element-caption\">Co\u00f1ece xente e crea lazos para toda a vida en WordCamp Galicia<\/figcaption><\/figure>\n\n\n\n<div style=\"height:100px\" aria-hidden=\"true\" id=\"espa\u00f1ol\" class=\"wp-block-spacer\"><\/div>\n\n\n\n<p class=\"has-large-font-size wp-block-paragraph\"><strong>Versi\u00f3n en espa\u00f1ol<\/strong><\/p>\n\n\n\n<h1 class=\"wp-block-heading\">Todo lo que tienes que saber antes de venir a WordCamp Galicia 2025<\/h1>\n\n\n\n<p class=\"wp-block-paragraph\"><\/p>\n\n\n\n<p class=\"wp-block-paragraph\">Si est\u00e1s aqu\u00ed es porque viene a WordCamp Galicia.<\/p>\n\n\n\n<p class=\"wp-block-paragraph\">O al menos te lo estas pensando.<\/p>\n\n\n\n<p class=\"wp-block-paragraph\">As\u00ed que, vamos al grano con todo lo<strong> imprescindible para no perderte nada <\/strong>(ni detalles, ni pulpo, que es importante).<\/p>\n\n\n\n<p class=\"wp-block-paragraph\">Te prometemos un evento <strong>cercano, abierto y con el mejor ambiente<\/strong> para compartir y aprender sobre WordPress, formaci\u00f3n online, mundo digital, dise\u00f1o, desarrollo, IA o emprendimiento.<\/p>\n\n\n\n<h2 class=\"wp-block-heading\"><strong>\u00a1Empezamos!<\/strong><\/h2>\n\n\n\n<p class=\"wp-block-paragraph\">La WordCamp va a ser en la <a href=\"https:\/\/galicia.wordcamp.org\/2025\/es\/localizacion\/\"><strong>Facultad de Comunicaci\u00f3n del Campus de Pontevedra <\/strong>(Universidad de Vigo)<\/a>. Si no te quieres perder, <a href=\"https:\/\/galicia.wordcamp.org\/2025\/es\/como-llegar-wordcamp-galicia\/\">sigue estas indicaciones<\/a>.<\/p>\n\n\n\n<p class=\"wp-block-paragraph\">Tenemos a <strong>15 voluntarios<\/strong> con alma y uniforme gallego. Si tienes dudas, te pierdes o necesitas cualquier cosa, busca las batas de abuela gallega (la llevan tanto los <a href=\"https:\/\/galicia.wordcamp.org\/2025\/es\/voluntarios-final\/\">voluntarios<\/a>, como los <a href=\"https:\/\/galicia.wordcamp.org\/2025\/es\/organizacion\/\">organizadores<\/a>) y te la resolver\u00e1n.<\/p>\n\n\n\n<figure class=\"wp-block-image size-large\"><img loading=\"lazy\" decoding=\"async\" width=\"1024\" height=\"683\" src=\"https:\/\/galicia.wordcamp.org\/2025\/files\/2025\/09\/Info-importante-02-1024x683.jpg\" alt=\"Resumen informaci\u00f3n WordCamp Galicia\" class=\"wp-image-11121\" srcset=\"https:\/\/galicia.wordcamp.org\/2025\/files\/2025\/09\/Info-importante-02-1024x683.jpg 1024w, https:\/\/galicia.wordcamp.org\/2025\/files\/2025\/09\/Info-importante-02-300x200.jpg 300w, https:\/\/galicia.wordcamp.org\/2025\/files\/2025\/09\/Info-importante-02-768x512.jpg 768w, https:\/\/galicia.wordcamp.org\/2025\/files\/2025\/09\/Info-importante-02-450x300.jpg 450w, https:\/\/galicia.wordcamp.org\/2025\/files\/2025\/09\/Info-importante-02.jpg 1440w\" sizes=\"auto, (max-width: 1024px) 100vw, 1024px\" \/><figcaption class=\"wp-element-caption\">Vive una experiencia \u00fanica en WordCamp Galicia<\/figcaption><\/figure>\n\n\n\n<h2 class=\"wp-block-heading\">Todo el programa paso a paso:<\/h2>\n\n\n\n<p class=\"wp-block-paragraph\"><strong>VIERNES 3 DE OCTUBRE: taller de iniciaci\u00f3n y do_action. <a href=\"https:\/\/galicia.wordcamp.org\/2025\/es\/participar-taller-do_action\/\">Info<\/a>.<\/strong><\/p>\n\n\n\n<p class=\"wp-block-paragraph\">Arranca la WordCamp con un <strong>taller para iniciarte<\/strong> (si eres nuevo) impartido por Fernando Tellado. Una gran oportunidad de aprender de un grande del sector.<\/p>\n\n\n\n<p class=\"wp-block-paragraph\">A continuaci\u00f3n,<strong> do_action hackathon<\/strong>. Ayuda a ayudar. Formaremos dos grupos y haremos la web a dos asociaciones beneficas:<strong> Amigas das \u00e1rbores<\/strong> y <strong>Ocionautas<\/strong>.<\/p>\n\n\n\n<p class=\"wp-block-paragraph\">Ambas actividades son <strong>gratuitas<\/strong> y tienen los <strong>caf\u00e9s<\/strong> y <strong>comida<\/strong> <strong>incluidas<\/strong>. Eso s\u00ed, se necesita <a href=\"https:\/\/galicia.wordcamp.org\/2025\/es\/participar-taller-do_action\/\">inscripci\u00f3n<\/a> previa para asegurarte tu plaza.<\/p>\n\n\n\n<p class=\"wp-block-paragraph\">Horario: <strong>9:00 a 18:00<\/strong> horas.<\/p>\n\n\n\n<p class=\"wp-block-paragraph\"><strong>S\u00c1BADO<strong> 4 DE OCTUBRE<\/strong>: el d\u00eda grande. <a href=\"https:\/\/galicia.wordcamp.org\/2025\/es\/programa\/\">Programa<\/a>.<\/strong><\/p>\n\n\n\n<p class=\"wp-block-paragraph\">Dos tracks de charlas sobre formaci\u00f3n online, WordPress, dise\u00f1o, desarrollo, IA, SEO\u2026<\/p>\n\n\n\n<p class=\"wp-block-paragraph\">Networking por todas partes. Conoce gente, comparte proyectos, haz comunidad.<\/p>\n\n\n\n<p class=\"wp-block-paragraph\"><strong>\u00bfTienes peques?<\/strong> Hay <a href=\"https:\/\/galicia.wordcamp.org\/2025\/es\/ludoteca\/\">ludoteca<\/a> para ellos. Pero <strong>ap\u00fantalos rellenando el formulario espec\u00edfico<\/strong> (no basta con decirlo al comprar tu entrada).<\/p>\n\n\n\n<p class=\"wp-block-paragraph\">\u00bfY cu\u00e1ndo las charlas acaben? No termina la WordCamp por el s\u00e1bado. Llega el turno al networking, pulpo, Estrella Galicia y buen rollo para todo el mundo.<\/p>\n\n\n\n<p class=\"wp-block-paragraph\"><strong>Desayuno, comida y merienda-cena incluidos.<\/strong><\/p>\n\n\n\n<p class=\"wp-block-paragraph\">Horario: <strong>9:00 a 21:00 horas.<\/strong><\/p>\n\n\n\n<p class=\"wp-block-paragraph\"><strong>After-party<\/strong>: desde las 22:00, la fiesta sigue en el <a href=\"https:\/\/maps.app.goo.gl\/y1gaCssu6qqF397H6\">Chester<\/a>.<\/p>\n\n\n\n<p class=\"wp-block-paragraph\"><strong>DOMINGO <strong>5 DE OCTUBRE<\/strong>: charlas y comunidad. <a href=\"https:\/\/galicia.wordcamp.org\/2025\/es\/programa\/\">Programa<\/a>.<\/strong><\/p>\n\n\n\n<p class=\"wp-block-paragraph\">Empieza el d\u00eda con las \u00faltimas 3 charlas.<\/p>\n\n\n\n<p class=\"wp-block-paragraph\">Seguimos con el <a href=\"https:\/\/galicia.wordcamp.org\/2025\/es\/dia-comunidad\/\"><strong>D\u00eda de la Comunidad<\/strong><\/a>: espacio para mesas de trabajo y colaboraci\u00f3n para ayudar al proyecto open source de <a href=\"http:\/\/wordpress.org\/\">WordPress.org<\/a>. Trae tu portatil o tablet y todas tus ganas de formar parte de este gran proyecto llamado <strong>WordPress<\/strong>.<\/p>\n\n\n\n<p class=\"wp-block-paragraph\">Si quieres vivir el aut\u00e9ntico sentido de la comunidad, este es tu d\u00eda. \u00a1No faltes!<\/p>\n\n\n\n<p class=\"wp-block-paragraph\"><strong>Desayuno y comida incluidos<\/strong>.<\/p>\n\n\n\n<p class=\"wp-block-paragraph\">Horario: <strong>10:00 a 15:30 horas.<\/strong><\/p>\n\n\n\n<p class=\"wp-block-paragraph\"><\/p>\n\n\n\n<p class=\"wp-block-paragraph\">Si tienes aluna duda, <a href=\"https:\/\/galicia.wordcamp.org\/2025\/es\/contacto\/\">escr\u00edbenos<\/a> y te la responderemos lo antes posible.<\/p>\n\n\n\n<p class=\"wp-block-paragraph\">Nos vemos muy pronto en Pontevedra.<\/p>\n\n\n\n<figure class=\"wp-block-image size-large\"><img loading=\"lazy\" decoding=\"async\" width=\"1024\" height=\"683\" src=\"https:\/\/galicia.wordcamp.org\/2025\/files\/2025\/09\/Info-importante-03-1024x683.jpg\" alt=\"Foto Resumen informaci\u00f3n WordCamp Galicia\" class=\"wp-image-11122\" srcset=\"https:\/\/galicia.wordcamp.org\/2025\/files\/2025\/09\/Info-importante-03-1024x683.jpg 1024w, https:\/\/galicia.wordcamp.org\/2025\/files\/2025\/09\/Info-importante-03-300x200.jpg 300w, https:\/\/galicia.wordcamp.org\/2025\/files\/2025\/09\/Info-importante-03-768x512.jpg 768w, https:\/\/galicia.wordcamp.org\/2025\/files\/2025\/09\/Info-importante-03-450x300.jpg 450w, https:\/\/galicia.wordcamp.org\/2025\/files\/2025\/09\/Info-importante-03.jpg 1440w\" sizes=\"auto, (max-width: 1024px) 100vw, 1024px\" \/><figcaption class=\"wp-element-caption\">Conoce gente y crea lazos para toda la vida en WordCamp Galicia<\/figcaption><\/figure>\n\n\n\n<p class=\"wp-block-paragraph\"><\/p>\n","protected":false},"excerpt":{"rendered":"<p>Se est\u00e1s aqu\u00ed \u00e9 porque v\u00e9s \u00e1 WordCamp Galicia. Ou polo menos est\u00e1s a darlle voltas. As\u00ed que imos ao gran con todo o imprescindible para que non perdas nada (nin detalles, nin polbo, que \u00e9 importante). Promet\u00e9mosche un evento pr\u00f3ximo, aberto e co mellor ambiente para compartir e aprender sobre WordPress, formaci\u00f3n online, mundo [&hellip;]<\/p>\n","protected":false},"author":23219270,"featured_media":11120,"comment_status":"closed","ping_status":"closed","sticky":false,"template":"","format":"standard","meta":{"_crdt_document":"","jetpack_post_was_ever_published":false,"_jetpack_newsletter_access":"","_jetpack_dont_email_post_to_subs":false,"_jetpack_newsletter_tier_id":0,"_jetpack_memberships_contains_paywalled_content":false,"_jetpack_memberships_contains_paid_content":false,"footnotes":""},"categories":[33],"tags":[],"class_list":["post-11113","post","type-post","status-publish","format-standard","has-post-thumbnail","hentry","category-blog"],"jetpack_featured_media_url":"https:\/\/galicia.wordcamp.org\/2025\/files\/2025\/09\/Info-importante-01.jpg","jetpack_sharing_enabled":true,"_links":{"self":[{"href":"https:\/\/galicia.wordcamp.org\/2025\/wp-json\/wp\/v2\/posts\/11113","targetHints":{"allow":["GET"]}}],"collection":[{"href":"https:\/\/galicia.wordcamp.org\/2025\/wp-json\/wp\/v2\/posts"}],"about":[{"href":"https:\/\/galicia.wordcamp.org\/2025\/wp-json\/wp\/v2\/types\/post"}],"author":[{"embeddable":true,"href":"https:\/\/galicia.wordcamp.org\/2025\/wp-json\/wp\/v2\/users\/23219270"}],"replies":[{"embeddable":true,"href":"https:\/\/galicia.wordcamp.org\/2025\/wp-json\/wp\/v2\/comments?post=11113"}],"version-history":[{"count":9,"href":"https:\/\/galicia.wordcamp.org\/2025\/wp-json\/wp\/v2\/posts\/11113\/revisions"}],"predecessor-version":[{"id":11133,"href":"https:\/\/galicia.wordcamp.org\/2025\/wp-json\/wp\/v2\/posts\/11113\/revisions\/11133"}],"wp:featuredmedia":[{"embeddable":true,"href":"https:\/\/galicia.wordcamp.org\/2025\/wp-json\/wp\/v2\/media\/11120"}],"wp:attachment":[{"href":"https:\/\/galicia.wordcamp.org\/2025\/wp-json\/wp\/v2\/media?parent=11113"}],"wp:term":[{"taxonomy":"category","embeddable":true,"href":"https:\/\/galicia.wordcamp.org\/2025\/wp-json\/wp\/v2\/categories?post=11113"},{"taxonomy":"post_tag","embeddable":true,"href":"https:\/\/galicia.wordcamp.org\/2025\/wp-json\/wp\/v2\/tags?post=11113"}],"curies":[{"name":"wp","href":"https:\/\/api.w.org\/{rel}","templated":true}]}}