{"id":11060,"date":"2025-09-26T11:33:51","date_gmt":"2025-09-26T09:33:51","guid":{"rendered":"https:\/\/galicia.wordcamp.org\/2025\/?p=11060"},"modified":"2025-09-26T11:33:51","modified_gmt":"2025-09-26T09:33:51","slug":"wordcamp-galicia-nos-medios","status":"publish","type":"post","link":"https:\/\/galicia.wordcamp.org\/2025\/wordcamp-galicia-nos-medios\/","title":{"rendered":"WordCamp Galicia nos medios"},"content":{"rendered":"\n<div class=\"wp-block-buttons is-content-justification-left is-layout-flex wp-container-core-buttons-is-layout-c436662c wp-block-buttons-is-layout-flex\">\n<div class=\"wp-block-button is-style-fill sombra-verde\"><a class=\"wp-block-button__link has-base-color has-accent-4-background-color has-text-color has-background has-link-color has-border-color wp-element-button\" href=\"#espa\u00f1ol\" style=\"border-color:#35ff69;border-radius:0px;padding-top:8px;padding-right:24px;padding-bottom:8px;padding-left:24px\">Leer en Espa\u00f1ol<\/a><\/div>\n<\/div>\n\n\n\n<p class=\"wp-block-paragraph\">O pasado martes celebramos unha <strong>rolda de prensa<\/strong> na hist\u00f3rica Casa das Camp\u00e1s de Pontevedra para presentar a WordCamp Galicia 2025.<\/p>\n\n\n\n<p class=\"wp-block-paragraph\">Nela participaron a decana <strong>Emma Torres-Romay<\/strong> (Facultade de Comunicaci\u00f3n) e <strong>Eva Mar\u00eda Lantar\u00f3n<\/strong> (Vicerreitora do Campus de Pontevedra). Tam\u00e9n estiveron presentes <strong>Wajari<\/strong> <strong>Vel\u00e1squez<\/strong> e<strong> Juan Hernando<\/strong>, representando \u00e1 organizaci\u00f3n de WordCamp Galicia.<\/p>\n\n\n\n<p class=\"wp-block-paragraph\">A partir dese momento, WordCamp foi <strong>nova<\/strong> en moitos medios e non podemos estar m\u00e1is agradecidos pola acollida:<\/p>\n\n\n\n<ul class=\"wp-block-list\">\n<li><a href=\"https:\/\/www.farodevigo.es\/pontevedra\/2025\/09\/24\/comunidades-gallegas-reunen-word-camp-121893171.html\">Faro de Vigo<\/a>, onde tam\u00e9n sa\u00edmos en portada na s\u00faa edici\u00f3n en papel.<\/li>\n\n\n\n<li>Diario de Pontevedra na s\u00faa edici\u00f3n en papel.<\/li>\n\n\n\n<li><a href=\"https:\/\/www.uvigo.gal\/universidade\/comunicacion\/duvi\/facultade-comunicacion-acollera-primeira-wordcamp-promovida-colectivos-toda-galicia\">DUVI<\/a>.<\/li>\n\n\n\n<li><a href=\"https:\/\/www.pontevedraviva.com\/gl\/xeral\/wordpress-reune-por-primeira-vez-toda-galicia-wordcamp-tres-dias-campus_510351_102.html\">Pontevedra Viva<\/a>.<\/li>\n\n\n\n<li><a href=\"https:\/\/www.elespanol.com\/treintayseis\/cultura\/educacion\/20250923\/pontevedra-acogera-primera-wordcamp-galicia-octubre\/1003743937880_0.html\">Treintayseis<\/a>. <\/li>\n\n\n\n<li><a href=\"https:\/\/codigocero.com\/O-Campus-de-Pontevedra-acolleu-a-presentacion-da-1\u00aa-WordCamp-promovida-por\">C\u00f3digo Cero<\/a>.<\/li>\n\n\n\n<li><a href=\"https:\/\/www.galiciapress.es\/texto-diario\/amp\/5442924\/facultad-comunicacion-pontevedra-acogera-primera-wordcamp-galicia\">Galicia Express<\/a>.<\/li>\n<\/ul>\n\n\n\n<figure class=\"wp-block-image size-large\"><img loading=\"lazy\" decoding=\"async\" width=\"1024\" height=\"683\" src=\"https:\/\/galicia.wordcamp.org\/2025\/files\/2025\/09\/Prensa-02-1024x683.jpg\" alt=\"WordCamp Galicia portada del Faro de Vigo\" class=\"wp-image-11064\" srcset=\"https:\/\/galicia.wordcamp.org\/2025\/files\/2025\/09\/Prensa-02-1024x683.jpg 1024w, https:\/\/galicia.wordcamp.org\/2025\/files\/2025\/09\/Prensa-02-300x200.jpg 300w, https:\/\/galicia.wordcamp.org\/2025\/files\/2025\/09\/Prensa-02-768x512.jpg 768w, https:\/\/galicia.wordcamp.org\/2025\/files\/2025\/09\/Prensa-02-450x300.jpg 450w, https:\/\/galicia.wordcamp.org\/2025\/files\/2025\/09\/Prensa-02.jpg 1440w\" sizes=\"auto, (max-width: 1024px) 100vw, 1024px\" \/><figcaption class=\"wp-element-caption\">WordCamp Galicia portada del Faro de Vigo<\/figcaption><\/figure>\n\n\n\n<p class=\"wp-block-paragraph\">Pero a\u00ed non rematou a cousa: tam\u00e9n fomos noticia na <strong>radio<\/strong>, no programa <a href=\"https:\/\/www.ondacero.es\/emisoras\/galicia\/pontevedra\/audios-podcast\/mas-de-uno\/pontevedra-acoge-wordcamp-galicia-3-5-outubre_2025092468d3e3204a20300101578555.html\">&#8220;De vella a bella&#8221; de Onda Cero Pontevedra<\/a>.<\/p>\n\n\n\n<p class=\"wp-block-paragraph\">Sa\u00edr en tantos medios confirma que <strong>Galicia ten ganas de comunidade<\/strong> e de WordPress. Por iso, non podes perder a primeira edici\u00f3n da WordCamp Galicia.<\/p>\n\n\n\n<h2 class=\"wp-block-heading\">Lembra: <\/h2>\n\n\n\n<p class=\"wp-block-paragraph\">\u00a1\u00daltimos d\u00edas para conseguir a t\u00faa entrada con <strong>acreditaci\u00f3n personalizada<\/strong>! \ud83c\udf9f<\/p>\n\n\n\n<p class=\"wp-block-paragraph\">O prazo para conseguila remata o <strong>s\u00e1bado 27 de setembro \u00e1s 23:59 horas<\/strong>.<\/p>\n\n\n\n<p class=\"wp-block-paragraph\"><a href=\"https:\/\/galicia.wordcamp.org\/2025\/entradas\/\">Merca a t\u00faa entrada e ven \u00e1 WordCamp Galicia!<\/a><\/p>\n\n\n\n<p class=\"wp-block-paragraph\">V\u00e9monos en Pontevedra do 3 ao 5 de outubro. <\/p>\n\n\n\n<p class=\"wp-block-paragraph\">Non faltes!<\/p>\n\n\n\n<figure class=\"wp-block-image size-large\"><img loading=\"lazy\" decoding=\"async\" width=\"1024\" height=\"683\" src=\"https:\/\/galicia.wordcamp.org\/2025\/files\/2025\/09\/Prensa-03-1024x683.jpg\" alt=\"WordCamp Galicia portada del Diario de Pontevedra\" class=\"wp-image-11065\" srcset=\"https:\/\/galicia.wordcamp.org\/2025\/files\/2025\/09\/Prensa-03-1024x683.jpg 1024w, https:\/\/galicia.wordcamp.org\/2025\/files\/2025\/09\/Prensa-03-300x200.jpg 300w, https:\/\/galicia.wordcamp.org\/2025\/files\/2025\/09\/Prensa-03-768x512.jpg 768w, https:\/\/galicia.wordcamp.org\/2025\/files\/2025\/09\/Prensa-03-450x300.jpg 450w, https:\/\/galicia.wordcamp.org\/2025\/files\/2025\/09\/Prensa-03.jpg 1440w\" sizes=\"auto, (max-width: 1024px) 100vw, 1024px\" \/><figcaption class=\"wp-element-caption\">WordCamp Galicia portada del Diario de Pontevedra<\/figcaption><\/figure>\n\n\n\n<div style=\"height:100px\" aria-hidden=\"true\" id=\"espa\u00f1ol\" class=\"wp-block-spacer\"><\/div>\n\n\n\n<p class=\"has-large-font-size wp-block-paragraph\"><strong>Versi\u00f3n en espa\u00f1ol<\/strong><\/p>\n\n\n\n<h1 class=\"wp-block-heading\">WordCamp Galicia en los medios<\/h1>\n\n\n\n<p class=\"wp-block-paragraph\">El pasado martes celebramos una <strong>rueda de prensa<\/strong> en la hist\u00f3rica Casa de las Campanas de Pontevedra para presentar WordCamp Galicia 2025.<\/p>\n\n\n\n<p class=\"wp-block-paragraph\">Participaron en ella la decana <strong>Emma Torres-Romay<\/strong> (Facultad de Comunicaci\u00f3n) y <strong>Eva Mar\u00eda Lantar\u00f3n<\/strong> (Vicerrectora del Campus de Pontevedra). Tambi\u00e9n formaron parte del encuentro <strong>Wajari Vel\u00e1squez<\/strong> y <strong>Juan Hernando<\/strong>, representando a la organizaci\u00f3n de WordCamp Galicia.<\/p>\n\n\n\n<p class=\"wp-block-paragraph\">A partir de ese momento, WordCamp ha sido <strong>noticia<\/strong> en muchos medios y no podemos estar m\u00e1s agradecidos por la acogida:<\/p>\n\n\n\n<ul class=\"wp-block-list\">\n<li><a href=\"https:\/\/www.farodevigo.es\/pontevedra\/2025\/09\/24\/comunidades-gallegas-reunen-word-camp-121893171.html\">Faro de Vigo<\/a>, donde tambi\u00e9n hemos sido portada en su edici\u00f3n en papel.<\/li>\n\n\n\n<li>Diario de Pontevedra en su edici\u00f3n de papel.<\/li>\n\n\n\n<li><a href=\"https:\/\/www.uvigo.gal\/universidade\/comunicacion\/duvi\/facultade-comunicacion-acollera-primeira-wordcamp-promovida-colectivos-toda-galicia\">DUVI<\/a>.<\/li>\n\n\n\n<li><a href=\"https:\/\/www.pontevedraviva.com\/gl\/xeral\/wordpress-reune-por-primeira-vez-toda-galicia-wordcamp-tres-dias-campus_510351_102.html\">Pontevedra Viva<\/a>.<\/li>\n\n\n\n<li><a href=\"https:\/\/www.elespanol.com\/treintayseis\/cultura\/educacion\/20250923\/pontevedra-acogera-primera-wordcamp-galicia-octubre\/1003743937880_0.html\">Treintayseis<\/a>. <\/li>\n\n\n\n<li><a href=\"https:\/\/codigocero.com\/O-Campus-de-Pontevedra-acolleu-a-presentacion-da-1\u00aa-WordCamp-promovida-por\">C\u00f3digo Cero<\/a>.<\/li>\n\n\n\n<li><a href=\"https:\/\/www.galiciapress.es\/texto-diario\/amp\/5442924\/facultad-comunicacion-pontevedra-acogera-primera-wordcamp-galicia\">Galicia Express<\/a>.<\/li>\n<\/ul>\n\n\n\n<figure class=\"wp-block-image size-large\"><img loading=\"lazy\" decoding=\"async\" width=\"1024\" height=\"683\" src=\"https:\/\/galicia.wordcamp.org\/2025\/files\/2025\/09\/Prensa-02-1024x683.jpg\" alt=\"WordCamp Galicia portada del Faro de Vigo\" class=\"wp-image-11064\" srcset=\"https:\/\/galicia.wordcamp.org\/2025\/files\/2025\/09\/Prensa-02-1024x683.jpg 1024w, https:\/\/galicia.wordcamp.org\/2025\/files\/2025\/09\/Prensa-02-300x200.jpg 300w, https:\/\/galicia.wordcamp.org\/2025\/files\/2025\/09\/Prensa-02-768x512.jpg 768w, https:\/\/galicia.wordcamp.org\/2025\/files\/2025\/09\/Prensa-02-450x300.jpg 450w, https:\/\/galicia.wordcamp.org\/2025\/files\/2025\/09\/Prensa-02.jpg 1440w\" sizes=\"auto, (max-width: 1024px) 100vw, 1024px\" \/><figcaption class=\"wp-element-caption\">WordCamp Galicia portada del Faro de Vigo<\/figcaption><\/figure>\n\n\n\n<p class=\"wp-block-paragraph\">Pero no qued\u00f3 ah\u00ed la cosa: tambi\u00e9n hemos sido noticia en la <strong>radio<\/strong>, en el programa <a href=\"https:\/\/www.ondacero.es\/emisoras\/galicia\/pontevedra\/audios-podcast\/mas-de-uno\/pontevedra-acoge-wordcamp-galicia-3-5-outubre_2025092468d3e3204a20300101578555.html\">&#8220;De vella a bella&#8221; de Onda Cero Pontevedra<\/a>.<\/p>\n\n\n\n<p class=\"wp-block-paragraph\">Salir en tantos medios confirma que <strong>Galicia tiene ganas de comunidad<\/strong> y de WordPress. Por eso no te puedes perder la primera edici\u00f3n de WordCamp Galicia.<\/p>\n\n\n\n<h2 class=\"wp-block-heading\">Recuerda: <\/h2>\n\n\n\n<p class=\"wp-block-paragraph\">\u00a1\u00daltimos d\u00edas para conseguir tu entrada con <strong>acreditaci\u00f3n personalizada<\/strong>! <\/p>\n\n\n\n<p class=\"wp-block-paragraph\">El plazo para conseguirla termina el s<strong>\u00e1bado 27 de septiembre a las 23:59 horas<\/strong>.<\/p>\n\n\n\n<p class=\"wp-block-paragraph\"><a href=\"https:\/\/galicia.wordcamp.org\/2025\/entradas\/\">\u00a1Compra tu entrada y ven a WordCamp Galicia!<\/a><\/p>\n\n\n\n<p class=\"wp-block-paragraph\">Nos vemos en Pontevedra del 3 al 5 de octubre. <\/p>\n\n\n\n<p class=\"wp-block-paragraph\">\u00a1No faltes!<\/p>\n\n\n\n<figure class=\"wp-block-image size-large\"><img loading=\"lazy\" decoding=\"async\" width=\"1024\" height=\"683\" src=\"https:\/\/galicia.wordcamp.org\/2025\/files\/2025\/09\/Prensa-03-1024x683.jpg\" alt=\"WordCamp Galicia portada del Diario de Pontevedra\" class=\"wp-image-11065\" srcset=\"https:\/\/galicia.wordcamp.org\/2025\/files\/2025\/09\/Prensa-03-1024x683.jpg 1024w, https:\/\/galicia.wordcamp.org\/2025\/files\/2025\/09\/Prensa-03-300x200.jpg 300w, https:\/\/galicia.wordcamp.org\/2025\/files\/2025\/09\/Prensa-03-768x512.jpg 768w, https:\/\/galicia.wordcamp.org\/2025\/files\/2025\/09\/Prensa-03-450x300.jpg 450w, https:\/\/galicia.wordcamp.org\/2025\/files\/2025\/09\/Prensa-03.jpg 1440w\" sizes=\"auto, (max-width: 1024px) 100vw, 1024px\" \/><figcaption class=\"wp-element-caption\">WordCamp Galicia portada del Diario de Pontevedra<\/figcaption><\/figure>\n","protected":false},"excerpt":{"rendered":"<p>O pasado martes celebramos unha rolda de prensa na hist\u00f3rica Casa das Camp\u00e1s de Pontevedra para presentar a WordCamp Galicia 2025. Nela participaron a decana Emma Torres-Romay (Facultade de Comunicaci\u00f3n) e Eva Mar\u00eda Lantar\u00f3n (Vicerreitora do Campus de Pontevedra). Tam\u00e9n estiveron presentes Wajari Vel\u00e1squez e Juan Hernando, representando \u00e1 organizaci\u00f3n de WordCamp Galicia. A partir [&hellip;]<\/p>\n","protected":false},"author":23219270,"featured_media":11063,"comment_status":"closed","ping_status":"closed","sticky":false,"template":"","format":"standard","meta":{"_crdt_document":"","jetpack_post_was_ever_published":false,"_jetpack_newsletter_access":"","_jetpack_dont_email_post_to_subs":false,"_jetpack_newsletter_tier_id":0,"_jetpack_memberships_contains_paywalled_content":false,"_jetpack_memberships_contains_paid_content":false,"footnotes":""},"categories":[33],"tags":[],"class_list":["post-11060","post","type-post","status-publish","format-standard","has-post-thumbnail","hentry","category-blog"],"jetpack_featured_media_url":"https:\/\/galicia.wordcamp.org\/2025\/files\/2025\/09\/Prensa-01.jpg","jetpack_sharing_enabled":true,"_links":{"self":[{"href":"https:\/\/galicia.wordcamp.org\/2025\/wp-json\/wp\/v2\/posts\/11060","targetHints":{"allow":["GET"]}}],"collection":[{"href":"https:\/\/galicia.wordcamp.org\/2025\/wp-json\/wp\/v2\/posts"}],"about":[{"href":"https:\/\/galicia.wordcamp.org\/2025\/wp-json\/wp\/v2\/types\/post"}],"author":[{"embeddable":true,"href":"https:\/\/galicia.wordcamp.org\/2025\/wp-json\/wp\/v2\/users\/23219270"}],"replies":[{"embeddable":true,"href":"https:\/\/galicia.wordcamp.org\/2025\/wp-json\/wp\/v2\/comments?post=11060"}],"version-history":[{"count":3,"href":"https:\/\/galicia.wordcamp.org\/2025\/wp-json\/wp\/v2\/posts\/11060\/revisions"}],"predecessor-version":[{"id":11072,"href":"https:\/\/galicia.wordcamp.org\/2025\/wp-json\/wp\/v2\/posts\/11060\/revisions\/11072"}],"wp:featuredmedia":[{"embeddable":true,"href":"https:\/\/galicia.wordcamp.org\/2025\/wp-json\/wp\/v2\/media\/11063"}],"wp:attachment":[{"href":"https:\/\/galicia.wordcamp.org\/2025\/wp-json\/wp\/v2\/media?parent=11060"}],"wp:term":[{"taxonomy":"category","embeddable":true,"href":"https:\/\/galicia.wordcamp.org\/2025\/wp-json\/wp\/v2\/categories?post=11060"},{"taxonomy":"post_tag","embeddable":true,"href":"https:\/\/galicia.wordcamp.org\/2025\/wp-json\/wp\/v2\/tags?post=11060"}],"curies":[{"name":"wp","href":"https:\/\/api.w.org\/{rel}","templated":true}]}}